{"id":93,"date":"2017-11-07T14:10:19","date_gmt":"2017-11-07T13:10:19","guid":{"rendered":"https:\/\/www.emotionalspirit.de\/sonnenwinkel\/?p=93"},"modified":"2024-07-18T08:27:12","modified_gmt":"2024-07-18T06:27:12","slug":"vertragsbedingungen","status":"publish","type":"post","link":"https:\/\/fewo-haus-sonnenwinkel.de\/?p=93","title":{"rendered":"Vertragsbedingungen"},"content":{"rendered":"<p><img loading=\"lazy\" decoding=\"async\" class=\"alignnone size-medium wp-image-151\" src=\"https:\/\/www.emotionalspirit.de\/sonnenwinkel\/wp-content\/uploads\/2017\/11\/Sonnenwinkel_Logo_Haus-Sonnenwinkel-300x140.png\" alt=\"\" width=\"300\" height=\"140\" srcset=\"https:\/\/fewo-haus-sonnenwinkel.de\/wp-content\/uploads\/2017\/11\/Sonnenwinkel_Logo_Haus-Sonnenwinkel-300x140.png 300w, https:\/\/fewo-haus-sonnenwinkel.de\/wp-content\/uploads\/2017\/11\/Sonnenwinkel_Logo_Haus-Sonnenwinkel.png 599w\" sizes=\"auto, (max-width: 300px) 100vw, 300px\" \/><\/p>\n<p>wir sind zertifiziert:<\/p>\n<p><img loading=\"lazy\" decoding=\"async\" class=\"size-medium wp-image-783 aligncenter\" src=\"https:\/\/fewo-haus-sonnenwinkel.de\/wp-content\/uploads\/2020\/02\/F-4-sterne-300x57.png\" alt=\"Mit 4-Sternen Zertifiziert\" width=\"300\" height=\"57\" srcset=\"https:\/\/fewo-haus-sonnenwinkel.de\/wp-content\/uploads\/2020\/02\/F-4-sterne-300x57.png 300w, https:\/\/fewo-haus-sonnenwinkel.de\/wp-content\/uploads\/2020\/02\/F-4-sterne-768x146.png 768w, https:\/\/fewo-haus-sonnenwinkel.de\/wp-content\/uploads\/2020\/02\/F-4-sterne.png 993w\" sizes=\"auto, (max-width: 300px) 100vw, 300px\" \/><\/p>\n<p style=\"text-align: justify; color: #014989; font-family: Tahoma, sans-serif;\">Vertragsbedingungen bei Miete einer Ferienwohnung im Haus Sonnenwinkel\/Argenb\u00fchl<\/p>\n<p style=\"text-align: justify; color: #014989; font-family: Tahoma, sans-serif;\">Liebe Ferieng\u00e4ste,<br \/>\nbitte lesen Sie sich die allgemeinen Vertragsbedingungen zu Ihrer Ferienwohnung durch. Fragen hinsichtlich der Reservierung, Zahlungen, An- und Abreise u.v.m. werden in diesen geregelt. Bei einer Reservierungsbest\u00e4tigung werden die Vertragsbedingungen f\u00fcr beide Seiten verbindlich!<\/p>\n<p style=\"text-align: justify; color: #014989; font-family: Tahoma, sans-serif;\">\u00dcbersicht<\/p>\n<ol style=\"text-align: justify; color: #014989; font-family: Tahoma, sans-serif;\">\n<li>Allgemeine Regelungen<\/li>\n<li>Anmeldung, Vertragsabschluss und Zahlungsbedingungen<\/li>\n<li>Aufenthaltsdauer<\/li>\n<li>Preise<\/li>\n<li>Kurtaxe<\/li>\n<li>Stornierung, versp\u00e4tete Anreise oder vorzeitige Abreise<\/li>\n<li>An- \/ Abreise<\/li>\n<li>Pflege \/ R\u00fcckgabe der Ferienwohnung<\/li>\n<li>Bello &amp; Co.<\/li>\n<li>Haftung \/ Sch\u00e4den<\/li>\n<\/ol>\n<p style=\"text-align: justify; color: #014989; font-family: Tahoma, sans-serif;\">1. Allgemeine Regelungen<\/p>\n<p style=\"text-align: justify; color: #014989; font-family: Tahoma, sans-serif;\">Wir verpflichten uns, die Ferienwohnung zum vereinbarten Zeitpunkt in sauberem und einwandfreiem Zustand an Sie zu \u00fcbergeben. Das Zeitmietverh\u00e4ltnis umfasst die Nutzung der gemieteten Wohnung\/en nebst Einrichtung sowie die Nutzung des dazugeh\u00f6rigen und in der Hausordnung beschriebenen Au\u00dfenbereiches.<\/p>\n<p style=\"text-align: justify; color: #014989; font-family: Tahoma, sans-serif;\">Sie d\u00fcrfen das Mietobjekt nicht an Dritte weiter vermieten oder zum Gebrauch \u00fcberlassen und in die Wohnung ohne Zustimmung durch uns, nicht mehr Personen aufnehmen, als vereinbart ist.<\/p>\n<p style=\"text-align: justify; color: #014989; font-family: Tahoma, sans-serif;\">Das Rauchen ist nur im Au\u00dfenbereich, jedoch nicht in der Ferienwohnung oder den Gemeinschaftsr\u00e4umen gestattet.<\/p>\n<p style=\"text-align: justify; color: #014989; font-family: Tahoma, sans-serif;\">Der bei Reservierungsbest\u00e4tigung zustande gekommene Vertrag kann nicht einseitig gel\u00f6st werden. Der Abschluss des Vertrages verpflichtet beide Partner zur Erf\u00fcllung, gleichg\u00fcltig, auf welche Dauer der Vertrag abgeschlossen wurde.<\/p>\n<p style=\"text-align: justify; color: #014989; font-family: Tahoma, sans-serif;\">Sie erkennen die aufgef\u00fchrten Punkte mit Abschluss der Reservierungsbest\u00e4tigung an.<\/p>\n<p style=\"text-align: justify; color: #014989; font-family: Tahoma, sans-serif;\">2. Anmeldung, Vertragsabschluss und Zahlungsbedingungen<\/p>\n<p style=\"text-align: justify; color: #014989; font-family: Tahoma, sans-serif;\">a) Sie melden f\u00fcr Ihren geplanten Aufenthaltzeitraum die gew\u00fcnschte Ferienwohnung bei uns an (per Telefon, eMail<br \/>\noder Fax). Dabei nennen Sie uns bitte:<\/p>\n<ul style=\"text-align: justify; color: #014989; font-family: Tahoma, sans-serif;\">\n<li>Ihre Anschrift, Telefonnummer und eMail-Adresse (falls vorhanden)<\/li>\n<li>Ihren geplanten Aufenthaltszeitraum<\/li>\n<li>Anzahl der Personen davon<\/li>\n<li>Kinder unter 18 Jahre (sind von Kurtaxe befreit)<\/li>\n<li>Personen mit mindestens 80% Schwerbehinderung (erm\u00e4\u00dfigte Kurtaxe)<\/li>\n<li>Anzahl der Haustiere<\/li>\n<\/ul>\n<p style=\"text-align: justify; color: #014989; font-family: Tahoma, sans-serif;\">b) Nach der Anmeldung erhalten Sie von uns per eMail, Fax oder Post eine Reservierungsbest\u00e4tigung mit den von Ihnen angegebenen Daten.<\/p>\n<p style=\"text-align: justify; color: #014989; font-family: Tahoma, sans-serif;\">c) Nach Erhalt der Reservierungs Best\u00e4tigung ist innerhalb von 7 Tagen eine Anzahlung von 100.- Euro von Ihnen zu leisten. Als Verwendungszweck geben Sie bitte die Rechnungsnummer an, z.B. A-2020-01. Das Einzahlungskonto ist aus der Reservierungsbest\u00e4tigung<br \/>\nersichtlich. Bis dahin halten wir Ihnen die angemeldete Ferienwohnung frei.<\/p>\n<p style=\"text-align: justify; color: #014989; font-family: Tahoma, sans-serif;\">d) Nach Eingang der Anzahlung ist die Ferienwohnung verbindlich f\u00fcr beide Seiten reserviert. Bei nicht rechtzeitigem Eingang der Anzahlung sind wir berechtigt, die Ferienwohnung an andere Interessenten zu vermieten.<\/p>\n<p style=\"text-align: justify; color: #014989; font-family: Tahoma, sans-serif;\">e) Den Rest des Mietpreises entrichten Sie bitte in bar am Abreisetag.<\/p>\n<p style=\"text-align: justify; color: #014989; font-family: Tahoma, sans-serif;\">f) Wir empfehlen grunds\u00e4tzlich den Abschluss einer Reiser\u00fccktrittskostenversicherung.<\/p>\n<p style=\"text-align: justify; color: #014989; font-family: Tahoma, sans-serif;\">3. Aufenthaltsdauer<\/p>\n<p style=\"text-align: justify; color: #014989; font-family: Tahoma, sans-serif;\">Bitte haben Sie Verst\u00e4ndnis, dass wir aufgrund der hohen Nachfrage w\u00e4hrend der Ferienzeit nur Anmeldungen mit mind. 5 \u00dcbernachtungen annehmen k\u00f6nnen. Bei kurzfristiger Anfrage machen wir Ihnen f\u00fcr diese Zeitr\u00e4ume gerne ein Angebot mit weniger \u00dcbernachtungen, sofern eine Ferienwohnung vakant ist.<\/p>\n<p style=\"text-align: justify; color: #014989; font-family: Tahoma, sans-serif;\">4. Preise<\/p>\n<p style=\"text-align: justify; color: #014989; font-family: Tahoma, sans-serif;\">Der Mietpreis beinhaltet:<\/p>\n<ul style=\"text-align: justify; color: #014989; font-family: Tahoma, sans-serif;\">\n<li>Endreinigung<\/li>\n<li>Bettw\u00e4sche, Hand-, Bade- und Geschirrt\u00fccher<\/li>\n<li>Nutzung des gesamten Inventars<\/li>\n<li>Heizung, Strom- u. Wasserkosten<\/li>\n<li>Gartenbereich einschlie\u00dflich Grillplatz<\/li>\n<li>Gemeinschaftsr\u00e4ume, wie Allg\u00e4u Stuben und Skiraum<\/li>\n<li>Spiele, wie Billard, Tischfussball, Darts, Brettspiele und div. B\u00fccher<\/li>\n<li>Internetanschluss (WLAN)<\/li>\n<\/ul>\n<p style=\"text-align: justify; color: #014989; font-family: Tahoma, sans-serif;\">Extra berechnen wir:<\/p>\n<ul style=\"text-align: justify; color: #014989; font-family: Tahoma, sans-serif;\">\n<li>Haustier 10,- EUR pro Tag<\/li>\n<li>Waschmaschinen oder Trockner Benutzung je 8.- EUR<\/li>\n<li>Sauna inkl. Sauna-, Duschtuch und Bademantel 10.- EUR pro Person<\/li>\n<li>ab \u00dcbernachtungsbuchung von 12 N\u00e4chte ist 1x Sauna Geb\u00fchrenfrei (Belegung max. 4 Personen)<\/li>\n<\/ul>\n<p style=\"text-align: justify; color: #014989; font-family: Tahoma, sans-serif;\">5. Kurtaxe<\/p>\n<p style=\"text-align: justify; color: #014989; font-family: Tahoma, sans-serif;\">Laut Gemeindeverordnung haben Vermieter von Ferienwohnungen die Kurtaxe f\u00fcr ihre G\u00e4ste einzunehmen, weiterzuleiten und nachzuweisen. Die Kurtaxe ist zusammen mit dem Mietbetrag zu entrichten. In Verbindung mit der Kurtaxe wird Ihnen eine G\u00e4stekarte ausgeh\u00e4ndigt. Mit dieser erhalten Sie in Ihrer Ferienregion Erm\u00e4\u00dfigungen auf zahlreiche Einrichtungen.<\/p>\n<p style=\"text-align: justify; color: #014989; font-family: Tahoma, sans-serif;\">Die Kurtaxe betr\u00e4gt EUR 1,30 pro Person und Tag.<br \/>\nDie Kurtaxe betr\u00e4gt f\u00fcr Personen ab 80% Schwerbehinderung EUR 0,65 pro Person und Tag (Kopie Schw.Beh.Ausweis erforderlich).<br \/>\nPersonen unter 18 Jahren entrichten keine Kurtaxe.<\/p>\n<p style=\"text-align: justify; color: #014989; font-family: Tahoma, sans-serif;\">6. Stornierung, versp\u00e4tete Anreise oder vorzeitige Abreise<\/p>\n<p style=\"text-align: justify; color: #014989; font-family: Tahoma, sans-serif;\">Sie sind verpflichtet, bei Nichtinanspruchnahme der vertraglichen Leistungen den vereinbarten Preis abz\u00fcglich der ersparten Aufwendungen zu zahlen. Bei der Vermietung von Ferienwohnungen betr\u00e4gt die Einsparung nach Erfahrungss\u00e4tzen 20% vom Gesamtbetrag. Bei Nichtinanspruchnahme fallen grunds\u00e4tzlich keine Kosten f\u00fcr Endreinigung und keine Kurtaxe an. Bitte informieren Sie uns telefonisch oder schriftlich (Postweg, eMail, Fax), wenn Sie vom Vertrag zur\u00fccktreten wollen\/m\u00fcssen.<br \/>\nTreten Sie vom Vertrag zur\u00fcck, werden folgende Stornogeb\u00fchren f\u00e4llig:<\/p>\n<p style=\"text-align: justify; color: #014989; font-family: Tahoma, sans-serif;\">bis 28 Tage vor Mietbeginn EUR 25.-<br \/>\n14 &#8211; 27 Tage vor Mietbeginn 50% vom Mietpreis<br \/>\n1 &#8211; 13 Tage vor Mietbeginn 80% vom Mietpreis<\/p>\n<p style=\"text-align: justify; color: #014989; font-family: Tahoma, sans-serif;\">Bei versp\u00e4teter Anreise oder vorzeitiger Abreise besteht kein Anspruch auf Teilr\u00fcckzahlung.<br \/>\nWir bem\u00fchen uns, andere G\u00e4ste f\u00fcr Ihren stornierten Zeitraum zu finden. Gelingt dies oder sorgen Sie f\u00fcr Ersatz, erhalten Sie die geleisteten Anzahlungen abz\u00fcglich einer Bearbeitungspauschale von \u20ac 25,- zur\u00fcck.<br \/>\nWir empfehlen den Abschluss einer Reiser\u00fccktrittskostenversicherung.<\/p>\n<p style=\"text-align: justify; color: #014989; font-family: Tahoma, sans-serif;\">7. An- \/ Abreise<\/p>\n<p style=\"text-align: justify; color: #014989; font-family: Tahoma, sans-serif;\">Die Wohnungs- und Schl\u00fcssel\u00fcbergabe kann am Anreisetag ab 15:00 Uhr erfolgen. Bitte melden Sie sich, wenn m\u00f6glich, telefonisch vor der Anreise und sprechen die Ankunftszeit ab.<br \/>\nDie Abreise hat bis 10:00 Uhr am Abreisetag zu erfolgen.<br \/>\nAn Tagen, an denen wir keinen G\u00e4stewechsel haben, k\u00f6nnen die An- bzw. Abreisezeiten auch individuell vereinbart werden.<br \/>\nReisen Sie am Anreisetag ohne vorherige K\u00fcndigung nicht an, sind 80% der Miete f\u00fcr die vereinbarte Mietzeit zu zahlen. Wir sind nicht verpflichtet, uns um eine anderweitige Vermietung der Ferienwohnung zu bem\u00fchen, wenn und solange der Mieter nicht erkl\u00e4rt, dass er nicht anreist.<\/p>\n<p style=\"text-align: justify; color: #014989; font-family: Tahoma, sans-serif;\">8. Pflege \/ R\u00fcckgabe der Ferienwohnung<\/p>\n<p style=\"text-align: justify; color: #014989; font-family: Tahoma, sans-serif;\">Vorhandene Sch\u00e4den oder Missst\u00e4nde sind innerhalb von 24 Stunden nach der \u00dcbernahme der Ferienwohnung zu melden, damit diese auf schnellstm\u00f6glichem Wege behoben werden k\u00f6nnen. Hinsichtlich mangelnder Sauberkeit bitten wir um sofortige Benachrichtigung.<br \/>\nDie Ferienwohnung nebst Inventar und die zum Haus geh\u00f6renden Einrichtungen sind pfleglich zu behandeln. Bitte tragen Sie daf\u00fcr Sorge, dass auch Ihre Mitreisenden, Angeh\u00f6rigen und G\u00e4ste die Mietbedingungen und Hausordnung einhalten. Die Reinigung der Ferienwohnung ist w\u00e4hrend der Mietzeit von Ihnen selbst vorzunehmen.<\/p>\n<p style=\"text-align: justify; color: #014989; font-family: Tahoma, sans-serif;\">Am Abreisetag ist die Ferienwohnung besenrein zu \u00fcbergeben. Das Geschirr muss abgesp\u00fclt und abgetrocknet sein. Wir bitten Sie, insbesondere bei Familien oder Gruppen, welche beide Ferienwohnungen nutzen, das Inventar und das Geschirr wieder wie am Anreisetag der jeweiligen Ferienwohnung zuzuordnen.<\/p>\n<p style=\"text-align: justify; color: #014989; font-family: Tahoma, sans-serif;\">Zusammen mit dem Mietpreis entrichten Sie die Geb\u00fchren (einmalig) f\u00fcr die Endreinigung am Abreisetag.<\/p>\n<p style=\"text-align: justify; color: #014989; font-family: Tahoma, sans-serif;\">9. Bello &amp; Co.<\/p>\n<p style=\"text-align: justify; color: #014989; font-family: Tahoma, sans-serif;\">Wir haben jegliches Verst\u00e4ndnis daf\u00fcr, dass Sie Ihr Haustier w\u00e4hrend Ihrer Urlaubszeit bei sich haben wollen. Entsprechend bieten wir Ihnen unter folgenden Voraussetzungen an, dass Sie Ihr Haustier<br \/>\nmitbringen k\u00f6nnen:<\/p>\n<ul>\n<li style=\"text-align: justify; color: #014989; font-family: Tahoma, sans-serif;\">Bringen Sie f\u00fcr Ihr Haustier das eigene Deckchen oder K\u00f6rbchen mit. <strong>Die Decken in der Ferienwohnung sind nicht f\u00fcr Haustiere bestimmt.<\/strong><\/li>\n<li style=\"text-align: justify; color: #014989; font-family: Tahoma, sans-serif;\">Stellen Sie sicher, dass keine kleinen (z.B. Markieren) und gro\u00dfen Gesch\u00e4fte im Haus und im Garten verrichtet werden.<\/li>\n<li style=\"text-align: justify; color: #014989; font-family: Tahoma, sans-serif;\">Stellen Sie sicher, dass Ihr Hund nicht l\u00e4ngere Zeit bellt.<\/li>\n<li style=\"text-align: justify; color: #014989; font-family: Tahoma, sans-serif;\">Lassen Sie Ihr Haustier niemals unbeaufsichtigt oder alleine in der Ferienwohnung.<\/li>\n<\/ul>\n<p style=\"text-align: justify; color: #014989; font-family: Tahoma, sans-serif;\">Bitte halten Sie diese Ma\u00dfnahmen unbedingt ein, damit wir dieses Angebot noch lange aufrecht erhalten<br \/>\nk\u00f6nnen. Es gibt kaum noch Ferienwohnungen, welche Haustiere gestatten. Pro Haustier und Tag verlangen wir eine Geb\u00fchr von 10.- EUR.<\/p>\n<p style=\"text-align: justify; color: #014989; font-family: Tahoma, sans-serif;\">10. Haftung \/ Sch\u00e4den<\/p>\n<p style=\"text-align: justify; color: #014989; font-family: Tahoma, sans-serif;\">Wir haften f\u00fcr die ordnungsgem\u00e4\u00dfe Erbringung der Vertragsleistung. Falls M\u00e4ngel vorliegen sollten, wen-den Sie sich bitte sofort an uns. Wir werden versuchen entsprechende M\u00e4ngel sofort zu beheben oder wenn dies nicht m\u00f6glich ist, eine anderweitige Gutmachung anbieten.<\/p>\n<p style=\"text-align: justify; color: #014989; font-family: Tahoma, sans-serif;\">F\u00fcr durch h\u00f6here Gewalt verursachte Sch\u00e4den kann beidseitig kein Schadenersatz beansprucht werden.<\/p>\n<p style=\"text-align: justify; color: #014989; font-family: Tahoma, sans-serif;\">F\u00fcr entstandene Sch\u00e4den an der Mietsache, die durch Sie verursacht wurden, kommt in der Regel Ihre Haftpflichtversicherung auf; Sie haften f\u00fcr alle Sie begleitenden Personen. Besteht keine Haftpflichtversicherung, kommt der Gast pers\u00f6nlich f\u00fcr den entstandenen Schaden auf. Der Schaden ist uns unverz\u00fcglich zu melden.<\/p>\n<p style=\"text-align: justify; color: #014989; font-family: Tahoma, sans-serif;\">Sollte eine oder mehrere Bestimmungen dieser Mietbedingungen ganz oder teilweise rechtsunwirksam sein, so wird dadurch die G\u00fcltigkeit der \u00fcbrigen Bestimmungen nicht ber\u00fchrt. An die Stelle der unwirksamen Bestimmungen tritt r\u00fcckwirkend eine inhaltlich m\u00f6glichst gleiche Regelung, die dem Zweck der gewollten Regelung am n\u00e4chsten kommt (Salvatorische Klausel).<\/p>\n<p style=\"text-align: justify; color: #014989; font-family: Tahoma, sans-serif;\">F\u00fcr unvermeidbare gerichtliche Streitigkeiten aus diesen Vertragsbedingungen und dem Mietvertrag ist der Gerichtsstand Ravensburg.<\/p>\n<p style=\"text-align: justify; color: #014989; font-family: Tahoma, sans-serif;\">Vielen Dank f\u00fcr entsprechende Ber\u00fccksichtigung der vorstehenden Regelungen und einen guten Aufenthalt w\u00fcnscht Ihnen<\/p>\n<p><img loading=\"lazy\" decoding=\"async\" class=\"alignleft wp-image-260 size-full\" src=\"https:\/\/www.emotionalspirit.de\/sonnenwinkel\/wp-content\/uploads\/2017\/12\/IMG_4522_herz.jpg\" alt=\"Herzlichst\" width=\"1500\" height=\"844\" srcset=\"https:\/\/fewo-haus-sonnenwinkel.de\/wp-content\/uploads\/2017\/12\/IMG_4522_herz.jpg 1500w, https:\/\/fewo-haus-sonnenwinkel.de\/wp-content\/uploads\/2017\/12\/IMG_4522_herz-300x169.jpg 300w, https:\/\/fewo-haus-sonnenwinkel.de\/wp-content\/uploads\/2017\/12\/IMG_4522_herz-768x432.jpg 768w, https:\/\/fewo-haus-sonnenwinkel.de\/wp-content\/uploads\/2017\/12\/IMG_4522_herz-1024x576.jpg 1024w\" sizes=\"auto, (max-width: 767px) 89vw, (max-width: 1000px) 54vw, (max-width: 1071px) 543px, 580px\" \/><\/p>\n<h1><span style=\"color: #333399;\"><span style=\"font-family: Tahoma, sans-serif;\">Herzlichst<br \/>\n<\/span><\/span><em><span style=\"color: #333399;\">Ihre<br \/>\nChristine Janischek <\/span><\/em><em><span style=\"color: #333399;\">&amp; <\/span><\/em><em><span style=\"color: #333399;\">Sigrid Sporer<\/span><\/em><\/h1>\n<p><span style=\"text-align: justify; font-size: 6pt; color: #ffffff;\">Schlagw\u00f6rter:<br \/>\nAllg\u00e4u, Alpen, Alpenvorland, Argenb\u00fchl, Badesee, Bodensee, Bromerhof, Eisenharz, Familienurlaub, Ferienwohnung, Ferienwohnungen, Garten, Grillplatz, Haus Sonnenwinkel, Isny, Kinder, Langlauf, Neutrauchburg, Nordic-Walking, Radfahren, Sauna, Ski-Alpin \u00dcbernachtung, Hund, wandern, Urlaub, Wangen<\/span><\/p>\n","protected":false},"excerpt":{"rendered":"<p>wir sind zertifiziert: Vertragsbedingungen bei Miete einer Ferienwohnung im Haus Sonnenwinkel\/Argenb\u00fchl Liebe Ferieng\u00e4ste, bitte lesen Sie sich die allgemeinen Vertragsbedingungen zu Ihrer Ferienwohnung durch. Fragen hinsichtlich der Reservierung, Zahlungen, An- und Abreise u.v.m. werden in diesen geregelt. Bei einer Reservierungsbest\u00e4tigung werden die Vertragsbedingungen f\u00fcr beide Seiten verbindlich! \u00dcbersicht Allgemeine Regelungen Anmeldung, Vertragsabschluss und Zahlungsbedingungen Aufenthaltsdauer &hellip; <\/p>\n<p class=\"link-more\"><a href=\"https:\/\/fewo-haus-sonnenwinkel.de\/?p=93\" class=\"more-link\"><span class=\"screen-reader-text\">\u201eVertragsbedingungen\u201c<\/span> weiterlesen<\/a><\/p>\n","protected":false},"author":1,"featured_media":0,"comment_status":"open","ping_status":"open","sticky":false,"template":"","format":"standard","meta":{"footnotes":""},"categories":[1],"tags":[3,4,5,6,7,8,9,10,11,2,12,13,14,15,24,16,17,18,19,20,21,22,23,26,25,27],"class_list":["post-93","post","type-post","status-publish","format-standard","hentry","category-allgemein","tag-allgaeu","tag-alpen","tag-alpenvorland","tag-argenbuehl","tag-badesee","tag-bodensee","tag-bromerhof","tag-eisenharz","tag-familienurlaub","tag-httpswww-emotionalspirit-desonnenwinkelpage_id12","tag-ferienwohnungen","tag-garten","tag-grillplatz","tag-haus-sonnenwinkel","tag-hund","tag-isny","tag-kinder","tag-langlauf","tag-neutrauchburg","tag-nordic-walking","tag-radfahren","tag-sauna","tag-ski-alpin-uebernachtung","tag-urlaub","tag-wandern","tag-wangen"],"_links":{"self":[{"href":"https:\/\/fewo-haus-sonnenwinkel.de\/index.php?rest_route=\/wp\/v2\/posts\/93","targetHints":{"allow":["GET"]}}],"collection":[{"href":"https:\/\/fewo-haus-sonnenwinkel.de\/index.php?rest_route=\/wp\/v2\/posts"}],"about":[{"href":"https:\/\/fewo-haus-sonnenwinkel.de\/index.php?rest_route=\/wp\/v2\/types\/post"}],"author":[{"embeddable":true,"href":"https:\/\/fewo-haus-sonnenwinkel.de\/index.php?rest_route=\/wp\/v2\/users\/1"}],"replies":[{"embeddable":true,"href":"https:\/\/fewo-haus-sonnenwinkel.de\/index.php?rest_route=%2Fwp%2Fv2%2Fcomments&post=93"}],"version-history":[{"count":6,"href":"https:\/\/fewo-haus-sonnenwinkel.de\/index.php?rest_route=\/wp\/v2\/posts\/93\/revisions"}],"predecessor-version":[{"id":860,"href":"https:\/\/fewo-haus-sonnenwinkel.de\/index.php?rest_route=\/wp\/v2\/posts\/93\/revisions\/860"}],"wp:attachment":[{"href":"https:\/\/fewo-haus-sonnenwinkel.de\/index.php?rest_route=%2Fwp%2Fv2%2Fmedia&parent=93"}],"wp:term":[{"taxonomy":"category","embeddable":true,"href":"https:\/\/fewo-haus-sonnenwinkel.de\/index.php?rest_route=%2Fwp%2Fv2%2Fcategories&post=93"},{"taxonomy":"post_tag","embeddable":true,"href":"https:\/\/fewo-haus-sonnenwinkel.de\/index.php?rest_route=%2Fwp%2Fv2%2Ftags&post=93"}],"curies":[{"name":"wp","href":"https:\/\/api.w.org\/{rel}","templated":true}]}}